{"id":17376,"date":"2024-10-25T11:46:02","date_gmt":"2024-10-25T09:46:02","guid":{"rendered":"https:\/\/mobiledis.com\/index.php\/2013\/04\/08\/tendencias-decoracion-primavera\/"},"modified":"2024-10-29T14:08:25","modified_gmt":"2024-10-29T13:08:25","slug":"tendencias-decoracion-primavera","status":"publish","type":"post","link":"https:\/\/mobiledis.com\/en\/2024\/10\/25\/tendencias-decoracion-primavera\/","title":{"rendered":"Tendencias de Decoraci\u00f3n en Primavera. \u00a1A disfrutar!"},"content":{"rendered":"<h2>Tendencias de decoraci\u00f3n para la primavera<\/h2>\n<p>LA PRIMAVERA ES UN PERIODO DE RENOVACI\u00d3N, DONDE BROTAMOS DE NUESTRO ENCIERRO INVERNAL. EL OLOR A AZAHAR, EL FRESCOR DE LA MA\u00d1ANA Y DE LA NOCHE, AS\u00cd COMO LAS SUBIDAS DE TEMPERATURA ALBOROTAN NUESTRAS HORMONAS. NOS ENCONTRAMOS M\u00c1S ACTIVOS YA QUE LOS COLORES NOS PARECEN M\u00c1S INTENSOS, HAY M\u00c1S LUZ EN NUESTROS D\u00cdAS Y AUMENTA NUESTRA VITALIDAD.<\/p>\n<p><strong>En mobiliario y decoraci\u00f3n, las tendencias apuntan a colores muy vivos, azules, turquesas, mostazas, fucsias y sobre todo \u00a1el coral!<\/strong>\u00a0Rayas anchas o estrechas, tejidos y papeles con flores de todo tipo, la primavera entra en casa como por ejemplo con la nueva colecci\u00f3n\u00a0<strong>Seraphina de Designers Guild<\/strong>.<\/p>\n<p><strong>Convirtamos cada estancia en un escenario nuevo<\/strong>, un jard\u00edn, el embarcadero, la playa,\u2026<\/p>\n<p><strong>Esta primavera se llevan mucho los linos y algodones muy finos<\/strong>, con ca\u00eddas, desgastados y con vuelo.<\/p>\n<p><strong>Los rasos cogen cuerpo y combinan colores atrevidos<\/strong>\u00a0en motivos geom\u00e9tricos o bien en manchas, imitando lascas de una concha nacarada.<\/p>\n<p><strong>En sint\u00e9ticos hay una gran amalgama de texturas<\/strong>, tanto animal print como fantas\u00eda que nos abren las puertas de la imaginaci\u00f3n en colores metalizados imposibles para tapizados o cojines.<\/p>\n<p>Debemos cambiar la idea de \u201csi cambio las cortinas y tapicer\u00edas lo hago para unos a\u00f1os\u201d Es un pensamiento err\u00f3neo.\u00a0<strong>Al igual que nos vestimos seg\u00fan la estaci\u00f3n del a\u00f1o, la casa debe contar con posibilidades para vestirse tambi\u00e9n<\/strong>. No pasa nada, los pesados cortinajes de terciopelo se guardan hasta el invierno que viene con las mantas.<\/p>\n<p>Las l\u00e1mparas de cer\u00e1mica imitando pi\u00f1as u ornamentaci\u00f3n vegetal tambi\u00e9n son algo muy trend, acompa\u00f1\u00e1ndolas de pantallas en fibra.<strong>\u00a0\u00bfNo os recuerdan a las esculturas de los jardines de Versalles?<\/strong><\/p>\n<p>Lo mejor de la primavera son las novedades en\u00a0<strong><a href=\"http:\/\/www.mobiledis.es\/es\/inspiracion\/exterior\/\" target=\"_blank\" rel=\"noopener\">mobiliario de terraza<\/a><\/strong>,\u00a0<strong>como la margarita de la firma\u00a0Fendi, una tumbona circular de dos plazas con sombrilla incorporada que al separarse por la mitad tiene 4 plazas de asiento.<\/strong><\/p>\n<p><strong>Manutti nos propone unos preciosos muebles de exterior muy estilizados incorporando una nueva l\u00ednea de dise\u00f1o<\/strong>,\u00a0<strong>Elements<\/strong>, con una plataforma bajo cada pieza de mobiliario con iluminaci\u00f3n led perimetral que le otorga sensaci\u00f3n de ligereza. Adem\u00e1s nos sorprende con su nueva colecci\u00f3n de tejidos para exterior que aguantan cualquier tipo de inclemencia climatol\u00f3gica.<\/p>\n<h3>\u00a1EN MOBILE DISE\u00d1O ENCONTRAR\u00c1S TODO ESTO Y M\u00c1S, ADEM\u00c1S DE UN ASESORAMIENTO PERSONALIZADO SEG\u00daN TUS NECESIDADES!<\/h3>","protected":false},"excerpt":{"rendered":"<p>Tendencias de decoraci\u00f3n para la primavera LA PRIMAVERA ES UN PERIODO DE RENOVACI\u00d3N, DONDE BROTAMOS DE NUESTRO ENCIERRO INVERNAL. EL OLOR A AZAHAR, EL FRESCOR DE LA MA\u00d1ANA Y DE LA NOCHE, AS\u00cd COMO LAS SUBIDAS DE TEMPERATURA ALBOROTAN NUESTRAS HORMONAS. NOS ENCONTRAMOS M\u00c1S ACTIVOS YA QUE LOS COLORES NOS PARECEN M\u00c1S INTENSOS, HAY M\u00c1S [&hellip;]<\/p>","protected":false},"author":8,"featured_media":16963,"comment_status":"open","ping_status":"open","sticky":false,"template":"","format":"standard","meta":{"inline_featured_image":false,"footnotes":""},"categories":[94,119],"tags":[91,92,90],"class_list":["post-17376","post","type-post","status-publish","format-standard","has-post-thumbnail","hentry","category-diseno-de-interiores","category-sin-categorizar-2","tag-primavera","tag-renovacion-de-casas-marbella","tag-terrazas"],"_links":{"self":[{"href":"https:\/\/mobiledis.com\/en\/wp-json\/wp\/v2\/posts\/17376","targetHints":{"allow":["GET"]}}],"collection":[{"href":"https:\/\/mobiledis.com\/en\/wp-json\/wp\/v2\/posts"}],"about":[{"href":"https:\/\/mobiledis.com\/en\/wp-json\/wp\/v2\/types\/post"}],"author":[{"embeddable":true,"href":"https:\/\/mobiledis.com\/en\/wp-json\/wp\/v2\/users\/8"}],"replies":[{"embeddable":true,"href":"https:\/\/mobiledis.com\/en\/wp-json\/wp\/v2\/comments?post=17376"}],"version-history":[{"count":1,"href":"https:\/\/mobiledis.com\/en\/wp-json\/wp\/v2\/posts\/17376\/revisions"}],"predecessor-version":[{"id":17377,"href":"https:\/\/mobiledis.com\/en\/wp-json\/wp\/v2\/posts\/17376\/revisions\/17377"}],"wp:featuredmedia":[{"embeddable":true,"href":"https:\/\/mobiledis.com\/en\/wp-json\/wp\/v2\/media\/16963"}],"wp:attachment":[{"href":"https:\/\/mobiledis.com\/en\/wp-json\/wp\/v2\/media?parent=17376"}],"wp:term":[{"taxonomy":"category","embeddable":true,"href":"https:\/\/mobiledis.com\/en\/wp-json\/wp\/v2\/categories?post=17376"},{"taxonomy":"post_tag","embeddable":true,"href":"https:\/\/mobiledis.com\/en\/wp-json\/wp\/v2\/tags?post=17376"}],"curies":[{"name":"wp","href":"https:\/\/api.w.org\/{rel}","templated":true}]}}