{"id":17313,"date":"2024-10-25T11:45:53","date_gmt":"2024-10-25T09:45:53","guid":{"rendered":"https:\/\/mobiledis.com\/index.php\/2014\/04\/29\/muebles-jardin\/"},"modified":"2024-10-29T14:08:01","modified_gmt":"2024-10-29T13:08:01","slug":"muebles-jardin","status":"publish","type":"post","link":"https:\/\/mobiledis.com\/en\/2024\/10\/25\/muebles-jardin\/","title":{"rendered":"7 consejos para elegir tus muebles de jardin"},"content":{"rendered":"<p>El buen tiempo se acerca, y con \u00e9l nuestras ganas de disfrutar de nuestra terraza o jard\u00edn. Es por estas fechas cuando nos disponemos a acondicionarlo para poder disfrutar de \u00e9l. Tener jard\u00edn es una maravilla, y tenerlo bien adecuado a nuestras necesidades es un lujo bastante asequible de conseguir.<\/p>\n<p>La parte exterior de la casa es el lugar perfecto para compartir con la familia, y m\u00e1s en un sitio como Marbella, con el magn\u00edfico clima que tenemos. \u00bfPor qu\u00e9 no tenerla decorada a nuestro gusto? Y no nos referimos al tema plantas.<\/p>\n<p>Los muebles de jard\u00edn no tienen por qu\u00e9 ser un parche que se coloca. Hay personas que creen que los <a href=\"http:\/\/mobiledis.com\/es\/muebles-de-exterior\/\">muebles de exterior<\/a> son menos elegantes, o tienen que ser de menor calidad, y nada m\u00e1s lejos de la realidad. En este art\u00edculo vamos a profundizar sobre la decoraci\u00f3n de jardines.<\/p>\n<p>A continuaci\u00f3n le damos algunos\u00a0<strong>consejos para que la elecci\u00f3n de sus\u00a0muebles de jard\u00edn<\/strong>\u00a0sea la correcta y pueda disfrutar del buen tiempo tambi\u00e9n en su hogar:<\/p>\n<h2>7 consejos para elegir tus muebles de jardin<\/h2>\n<ul>\n<li><strong>Planifica lo que vas a hacer<\/strong>: no hay nada que haga m\u00e1s ilusi\u00f3n que coger un papel y un boli y empezar a escribir qu\u00e9 vas a querer para tu jard\u00edn. \u00bfUn sof\u00e1 exterior? \u00bfO dos? \u00bfL\u00e1mparas de techo o de pie? \u00bfHas pensado en poner alg\u00fan tipo de balanc\u00edn? Deja que fluya tu imaginaci\u00f3n, que ya habr\u00e1 tiempo m\u00e1s adelante para ir tachando lo que no proceda.<\/li>\n<li><strong>Delimite bien las zonas.<\/strong>\u00a0El espacio exterior debe disponer de varias zonas al igual que lo tiene el interior. No por tener un jard\u00edn o una terraza tenemos que dar por hecho que s\u00f3lo vamos a disfrutar de un ambiente. Una buena opci\u00f3n separar el espacio en 2, uno donde disfrutar de comidas o aperitivos y otro donde tomar el sol o recostarse a descansar.<\/li>\n<li><strong>Continuidad con el interior<\/strong>: la decoraci\u00f3n del jard\u00edn no debe contemplarse como algo aislado del resto de la casa. Al contrario: debe de existir una continuidad entre el mobiliario de interior y el de exterior. Si hemos elegido un estilo de interiorismo basado en colores pardos, o en muebles modernos, o el estilo r\u00fastico&#8230; deber\u00edamos intentar dar una homogeneidad a toda la casa decorando el jard\u00edn siguiedo los mismos par\u00e1metros.<\/li>\n<li><strong>Materiales ligeros pero resistentes.<\/strong>\u00a0El mobiliario de jard\u00edn sufre mucho y debe estar acondicionado para aguantar las inclemencias del tiempo. Hoy en d\u00eda podemos encontrar materiales muy resistentes y elegantes pensados para exterior, pero que a su vez no son pesados, y permiten que podamos moverlo por todo el espacio, e incluso guardarlo con facilidad. Hablamos de muebles de fibras naturales, maderas nobles&#8230;<\/li>\n<li><strong>Muebles de calidad<\/strong>: este punto es importante, ya que los muebles de jard\u00edn est\u00e1n sometidos a las inclemencias del clima. En Marbella tenemos la suerte de que tenemos much\u00edsimos d\u00edas de sol al a\u00f1o, pero como en Mobiledis tenemos clientes de todas las latitudes tenemos un ampl\u00edsimo cat\u00e1logo de muebles de exterior que incluyen aquellos que est\u00e1n preparados para afrontar el m\u00e1s lluvioso de los climas.<\/li>\n<li><strong>Comodidad ante todo:<\/strong> no hay que olvidar que los muebles de jard\u00edn deben ser c\u00f3modos y funcionales, permiti\u00e9ndonos disfrutar largos momentos durante el buen tiempo. Lo bonito no siempre es c\u00f3modo, por lo que hay que conocer bien el mercado para, priorizando la comodidad, usemos siempre los muebles m\u00e1s est\u00e9ticos y acordes con la decoraci\u00f3n general del jard\u00edn. Para ello es importante tambi\u00e9n la elecci\u00f3n del tipo de mobiliario; los sof\u00e1s de jard\u00edn son \u00f3ptimos tanto para jardines como para terraza, al igual que las hamacas o los pouffs.<\/li>\n<li><strong>El mantenimiento es importante<\/strong>: tan importante es hacer una buena compra como realizar un buen mantenimiento de tu jard\u00edn, en lo que a los muebles se refiere. El mejor de los muebles, de la mejor calidad, si no se cuida tiene a deteriorarse con el tiempo. Realizar supervisiones del estado del barniz suele ser una buena pr\u00e1ctica si queremos que los muebles nos duren.<\/li>\n<\/ul>\n<p>Por supuesto es muy importante seguir las tendencias. Por eso, <a href=\"http:\/\/mobiledis.com\/es\/muebles-jardin-esta-temporada-tendencias\/\">en nuestro blog<\/a> te contamos qu\u00e9 es lo que se lleva en muebles de jard\u00edn en 2019.<\/p>\n<p><strong>Si est\u00e1 pensando en renovar su mobiliario de jard\u00edn, <a href=\"http:\/\/mobiledis.com\/es\/contacto\/\">d\u00e9jese asesorar por Mobile Dise\u00f1o<\/a>.<\/strong>\u00a0Nuestros profesionales desarrollar\u00e1n un\u00a0<strong>proyecto personalizado de decoraci\u00f3n consiguiendo el resultado m\u00e1s elegante y funcional.<\/strong>\u00a0Vis\u00edtenos y sorpr\u00e9ndase con las marcas m\u00e1s exclusivas en mobiliario de exterior\u2026 \u00a1le esperamos!<\/p>","protected":false},"excerpt":{"rendered":"<p>El buen tiempo se acerca, y con \u00e9l nuestras ganas de disfrutar de nuestra terraza o jard\u00edn. Es por estas fechas cuando nos disponemos a acondicionarlo para poder disfrutar de \u00e9l. Tener jard\u00edn es una maravilla, y tenerlo bien adecuado a nuestras necesidades es un lujo bastante asequible de conseguir. La parte exterior de la [&hellip;]<\/p>","protected":false},"author":8,"featured_media":17314,"comment_status":"open","ping_status":"open","sticky":false,"template":"","format":"standard","meta":{"inline_featured_image":false,"footnotes":""},"categories":[94,119],"tags":[91,92,90],"class_list":["post-17313","post","type-post","status-publish","format-standard","has-post-thumbnail","hentry","category-diseno-de-interiores","category-sin-categorizar-2","tag-primavera","tag-renovacion-de-casas-marbella","tag-terrazas"],"_links":{"self":[{"href":"https:\/\/mobiledis.com\/en\/wp-json\/wp\/v2\/posts\/17313","targetHints":{"allow":["GET"]}}],"collection":[{"href":"https:\/\/mobiledis.com\/en\/wp-json\/wp\/v2\/posts"}],"about":[{"href":"https:\/\/mobiledis.com\/en\/wp-json\/wp\/v2\/types\/post"}],"author":[{"embeddable":true,"href":"https:\/\/mobiledis.com\/en\/wp-json\/wp\/v2\/users\/8"}],"replies":[{"embeddable":true,"href":"https:\/\/mobiledis.com\/en\/wp-json\/wp\/v2\/comments?post=17313"}],"version-history":[{"count":1,"href":"https:\/\/mobiledis.com\/en\/wp-json\/wp\/v2\/posts\/17313\/revisions"}],"predecessor-version":[{"id":17316,"href":"https:\/\/mobiledis.com\/en\/wp-json\/wp\/v2\/posts\/17313\/revisions\/17316"}],"wp:featuredmedia":[{"embeddable":true,"href":"https:\/\/mobiledis.com\/en\/wp-json\/wp\/v2\/media\/17314"}],"wp:attachment":[{"href":"https:\/\/mobiledis.com\/en\/wp-json\/wp\/v2\/media?parent=17313"}],"wp:term":[{"taxonomy":"category","embeddable":true,"href":"https:\/\/mobiledis.com\/en\/wp-json\/wp\/v2\/categories?post=17313"},{"taxonomy":"post_tag","embeddable":true,"href":"https:\/\/mobiledis.com\/en\/wp-json\/wp\/v2\/tags?post=17313"}],"curies":[{"name":"wp","href":"https:\/\/api.w.org\/{rel}","templated":true}]}}