{"id":17273,"date":"2024-10-25T11:45:45","date_gmt":"2024-10-25T09:45:45","guid":{"rendered":"https:\/\/mobiledis.com\/index.php\/2015\/03\/05\/novedades-decoracion-primavera-2015\/"},"modified":"2024-10-29T13:16:06","modified_gmt":"2024-10-29T12:16:06","slug":"novedades-decoracion-primavera-2015","status":"publish","type":"post","link":"https:\/\/mobiledis.com\/en\/2024\/10\/25\/novedades-decoracion-primavera-2015\/","title":{"rendered":"Novedades Decoraci\u00f3n: Primavera 2015"},"content":{"rendered":"<p>Si lo que quieres es conocer las tendencias de 2019, <a href=\"http:\/\/mobiledis.com\/es\/muebles-jardin-esta-temporada-tendencias\/\">pincha aqu\u00ed<\/a>.<\/p>\n<h2>Tendencias de decoraci\u00f3n Primavera 2015<\/h2>\n<p>\u00a1QU\u00c9 TIEMPO TAN BUENO TENEMOS YA EN LA COSTA DE SOL! RONDAMOS LOS 22 GRADOS. Y ESO QUE A\u00daN NO ES PRIMAVERA\u2026\u00bfCON ESTE TIEMPO EN QU\u00c9 PODEMOS PENSAR? \u00a1PUES EN\u00a0MUEBLES DE EXTERIOR<span style=\"font-size: 16px;\">!<\/span><\/p>\n<p>La prestigiosa firma\u00a0<strong>Manutti nos ha presentado las novedades para este a\u00f1o 2015<\/strong>. Su nuevo cat\u00e1logo incluye grandes rinconeras pensadas para el disfrute de nuestras terrazas y la <strong><a href=\"http:\/\/www.mobiledis.es\/es\/inspiracion\/exterior\/\" target=\"_blank\" rel=\"noopener\">vida en el exterior<\/a><\/strong>. Adapt\u00e1ndose a las tendencias de la moda, este a\u00f1o incluye los tonos azules en sus cojines decorativos y vivos a juego en los cojines de asiento y respaldo.<\/p>\n<p>Otra firma que tambi\u00e9n nos ofrece\u00a0<strong>grandes novedades es Talenti<\/strong>. Con su conjunto de exterior en piel n\u00e1utica y aluminio en colores neutros para tener sensaci\u00f3n de paz y armon\u00eda.<\/p>\n<p>Volviendo a las novedades, para los rom\u00e1nticos, un cl\u00e1sico actualizado, fibra sint\u00e9tica de gran grosor con l\u00edneas rectas y grandes dimensiones en sus sentadas: la\u00a0<strong>colecci\u00f3n San Diego de la firma Manutti, n\u00famero 1 en ventas<\/strong>.<\/p>\n<p>Ya s\u00f3lo falta elegir qu\u00e9\u00a0modelo ponemos en su terraza, <strong>no dude en visitarnos para lo que necesite<\/strong>.<\/p>","protected":false},"excerpt":{"rendered":"<p>Si lo que quieres es conocer las tendencias de 2019, pincha aqu\u00ed. Tendencias de decoraci\u00f3n Primavera 2015 \u00a1QU\u00c9 TIEMPO TAN BUENO TENEMOS YA EN LA COSTA DE SOL! RONDAMOS LOS 22 GRADOS. Y ESO QUE A\u00daN NO ES PRIMAVERA\u2026\u00bfCON ESTE TIEMPO EN QU\u00c9 PODEMOS PENSAR? \u00a1PUES EN\u00a0MUEBLES DE EXTERIOR! La prestigiosa firma\u00a0Manutti nos ha presentado [&hellip;]<\/p>","protected":false},"author":8,"featured_media":17270,"comment_status":"open","ping_status":"open","sticky":false,"template":"","format":"standard","meta":{"inline_featured_image":false,"footnotes":""},"categories":[86],"tags":[91,92,90],"class_list":["post-17273","post","type-post","status-publish","format-standard","has-post-thumbnail","hentry","category-decoracion-de-jardines","tag-primavera","tag-renovacion-de-casas-marbella","tag-terrazas"],"_links":{"self":[{"href":"https:\/\/mobiledis.com\/en\/wp-json\/wp\/v2\/posts\/17273","targetHints":{"allow":["GET"]}}],"collection":[{"href":"https:\/\/mobiledis.com\/en\/wp-json\/wp\/v2\/posts"}],"about":[{"href":"https:\/\/mobiledis.com\/en\/wp-json\/wp\/v2\/types\/post"}],"author":[{"embeddable":true,"href":"https:\/\/mobiledis.com\/en\/wp-json\/wp\/v2\/users\/8"}],"replies":[{"embeddable":true,"href":"https:\/\/mobiledis.com\/en\/wp-json\/wp\/v2\/comments?post=17273"}],"version-history":[{"count":1,"href":"https:\/\/mobiledis.com\/en\/wp-json\/wp\/v2\/posts\/17273\/revisions"}],"predecessor-version":[{"id":17274,"href":"https:\/\/mobiledis.com\/en\/wp-json\/wp\/v2\/posts\/17273\/revisions\/17274"}],"wp:featuredmedia":[{"embeddable":true,"href":"https:\/\/mobiledis.com\/en\/wp-json\/wp\/v2\/media\/17270"}],"wp:attachment":[{"href":"https:\/\/mobiledis.com\/en\/wp-json\/wp\/v2\/media?parent=17273"}],"wp:term":[{"taxonomy":"category","embeddable":true,"href":"https:\/\/mobiledis.com\/en\/wp-json\/wp\/v2\/categories?post=17273"},{"taxonomy":"post_tag","embeddable":true,"href":"https:\/\/mobiledis.com\/en\/wp-json\/wp\/v2\/tags?post=17273"}],"curies":[{"name":"wp","href":"https:\/\/api.w.org\/{rel}","templated":true}]}}