{"id":17261,"date":"2024-10-25T11:45:43","date_gmt":"2024-10-25T09:45:43","guid":{"rendered":"https:\/\/mobiledis.com\/index.php\/2015\/08\/04\/decoracion-exterior\/"},"modified":"2024-10-29T13:16:02","modified_gmt":"2024-10-29T12:16:02","slug":"decoracion-exterior","status":"publish","type":"post","link":"https:\/\/mobiledis.com\/en\/2024\/10\/25\/decoracion-exterior\/","title":{"rendered":"Decoraci\u00f3n Exterior"},"content":{"rendered":"<h2>Todo para la decoraci\u00f3n exterior<\/h2>\n<p>MOBILIARIO, TEXTILES, ILUMINACI\u00d3N Y VEGETACI\u00d3N. TODO, TRATADO EN CONJUNTO, UNA SIMBIOSIS IDEAL PARA LA\u00a0DECORACI\u00d3N DEL HOGAR.<\/p>\n<p>Pero terrazas y jardines suelen escapar a este conjunto. \u00bfComplejidad? \u00bfMantenimiento? Hoy en d\u00eda encontramos numerosas respuestas. Descubre las <a href=\"http:\/\/mobiledis.com\/es\/muebles-jardin-exterior-tendencias-2019\/\" target=\"_blank\" rel=\"noopener noreferrer\">tendencias en decoraci\u00f3n exterior para este 2019<\/a><\/p>\n<p><strong>\u00bfA qui\u00e9n no le gusta disfrutar del espacio exterior?<\/strong><\/p>\n<p><em><strong>La prestigiosa marca Manutti nos ofrece una amplia gama de productos para nuestro disfrute exterior.<\/strong><\/em><\/p>\n<p>Este a\u00f1o nos sorprendi\u00f3 con el\u00a0<strong>modelo Echo, la nueva silla con reposabrazos ilustra una combinaci\u00f3n vintage y contempor\u00e1nea.<\/strong>\u00a0Adem\u00e1s de su elegante dise\u00f1o,\u00a0<strong>Manutti ofrece un nivel de confort incomparable gracias a componentes muy especiales<\/strong>, como el respaldo alto, curvil\u00edneo y rectangular y el nuevo asiento firme, aunque flexible, con un acabado en cuerda tejida.<\/p>\n<p>Para completar la zona de comedor,\u00a0<strong>la mesa Air de Manutti tiene un dise\u00f1o de l\u00edneas limpias y elegantes, lleno de car\u00e1cter.<\/strong>\u00a0La mesa de comedor est\u00e1 disponible en dos tama\u00f1os y puede equiparse con dos tableros distintos:<em>\u00a0madera de iroko o cer\u00e1mica.<\/em><\/p>\n<h3>ZONA RELAX<\/h3>\n<p>En la zona de relax,\u00a0<strong>la nueva coleccion\u00a0<em>Kumo<\/em><\/strong>, del japon\u00e9s nube.\u00a0<strong>Este sof\u00e1 de concepto l\u00fadico y aireado viene con dos m\u00f3dulos que pueden ser utilizados en diferentes entornos interiores y exteriores<\/strong>, tanto en privado como en p\u00fablico, grandes o peque\u00f1os: \u00edntimamente, en una terraza o en la piscina, y tambi\u00e9n en la zona de recepci\u00f3n de los hoteles o en edificios p\u00fablicos.<\/p>\n<p><strong>Kumo invita a crear un ambiente personalizado al aire libre<\/strong>: su concepto con<strong>cubiertas intercambiables viene en diferentes formas y tama\u00f1os<\/strong>, almohadas decorativas, de asiento como respaldo que\u00a0<strong>se puede elegir el rango de extensas telas MANUTTI<\/strong>. Los apoyabrazos y los soportes para la espalda son f\u00e1cilmente ajustables y se pueden mover alrededor, transformando la nube Kumo en un sof\u00e1 de felpa o balanc\u00edn elegante, un sill\u00f3n o el reposapi\u00e9s fresco.\u00a0<em>\u00a1Mezclar y combinar nunca fue tan f\u00e1cil!<\/em><\/p>\n<h3>TEXTILES<\/h3>\n<p>Las\u00a0<strong>alfombras de vinilo tejido<\/strong>\u00a0<strong>KEPLAN<\/strong>\u00a0as\u00ed\u00a0<strong>como las moquetas<\/strong>, nacen como consecuencia de un proceso de b\u00fasqueda e investigaci\u00f3n de nuevos materiales cuyo resultado ha supuesto una revoluci\u00f3n en el sector. Sus peculiaridades t\u00e9cnicas dotan a estas alfombras y moquetas de unas\u00a0<strong>ventajas<\/strong>\u00a0in\u00e9ditas hasta ahora. Su\u00a0<strong>resistencia al paso del tiempo, al uso y al agua, la posibilidad de lavarlas incluso con lej\u00eda, su alta resistencia al fuego y el ser aislantes ac\u00fasticos<\/strong>, hacen que KEPLAN sea ideal para su uso en espacios p\u00fablicos como oficinas y tiendas, pero adem\u00e1s, no solo son\u00a0<strong>alfombras lavables<\/strong>\u00a0que pudieran utilizarse como\u00a0<strong>alfombras de cocina,<\/strong>\u00a0tambi\u00e9n\u00a0<strong>repelen el polvo y los pelos de animales,<\/strong>\u00a0lo que las convierte\u00a0en ideales como\u00a0<strong>alfombras para al\u00e9rgicos. \u00a0<\/strong><\/p>\n<p><strong>Las alfombras de vinilo KEPLAN permiten dise\u00f1os innovadores y personalizados<\/strong>\u00a0seg\u00fan gusto del cliente, por lo que actualmente, su uso en los hogares cobra mayor importancia cada d\u00eda.<strong>\u00a0<\/strong><\/p>\n<h3>ILUMINACI\u00d3N<\/h3>\n<p><strong>L\u00e1mparas glamurosas llenas de cristales \u00a1que reflejan la luz!<\/strong>\u00a0Impresionantes l\u00e1mparas totalmente preparadas para exterior de Massiero; adem\u00e1s este a\u00f1o vienen equipadas con\u00a0<strong>aplicaci\u00f3n para el m\u00f3vil para poder cambiar la tonalidad e intensidad de la iluminaci\u00f3n.<\/strong><\/p>\n<h3>VEGETACI\u00d3N<\/h3>\n<p><strong>\u00a1la nueva tendencia de jard\u00edn vertical!<\/strong><\/p>\n<p>Con estas plantas especiales para exterior, cualquiera puede disfrutar de su peque\u00f1o jard\u00edn siempre verde y sin apenas ocupar espacio!<\/p>\n<p>\u00bfQu\u00e9 te parece? Todo esto y mucho m\u00e1s lo podr\u00e1s encontrar en\u00a0<strong><a title=\"Mobile &amp; Dise\u00f1o Interior Design\" href=\"https:\/\/mobiledis.com\/en\/\" target=\"_blank\" rel=\"noopener noreferrer\">Mobile Dise\u00f1o Marbella<\/a><\/strong>.<\/p>","protected":false},"excerpt":{"rendered":"<p>Todo para la decoraci\u00f3n exterior MOBILIARIO, TEXTILES, ILUMINACI\u00d3N Y VEGETACI\u00d3N. TODO, TRATADO EN CONJUNTO, UNA SIMBIOSIS IDEAL PARA LA\u00a0DECORACI\u00d3N DEL HOGAR. Pero terrazas y jardines suelen escapar a este conjunto. \u00bfComplejidad? \u00bfMantenimiento? Hoy en d\u00eda encontramos numerosas respuestas. Descubre las tendencias en decoraci\u00f3n exterior para este 2019 \u00bfA qui\u00e9n no le gusta disfrutar del espacio [&hellip;]<\/p>","protected":false},"author":8,"featured_media":17258,"comment_status":"open","ping_status":"open","sticky":false,"template":"","format":"standard","meta":{"inline_featured_image":false,"footnotes":""},"categories":[86],"tags":[91,92,90],"class_list":["post-17261","post","type-post","status-publish","format-standard","has-post-thumbnail","hentry","category-decoracion-de-jardines","tag-primavera","tag-renovacion-de-casas-marbella","tag-terrazas"],"_links":{"self":[{"href":"https:\/\/mobiledis.com\/en\/wp-json\/wp\/v2\/posts\/17261","targetHints":{"allow":["GET"]}}],"collection":[{"href":"https:\/\/mobiledis.com\/en\/wp-json\/wp\/v2\/posts"}],"about":[{"href":"https:\/\/mobiledis.com\/en\/wp-json\/wp\/v2\/types\/post"}],"author":[{"embeddable":true,"href":"https:\/\/mobiledis.com\/en\/wp-json\/wp\/v2\/users\/8"}],"replies":[{"embeddable":true,"href":"https:\/\/mobiledis.com\/en\/wp-json\/wp\/v2\/comments?post=17261"}],"version-history":[{"count":1,"href":"https:\/\/mobiledis.com\/en\/wp-json\/wp\/v2\/posts\/17261\/revisions"}],"predecessor-version":[{"id":17262,"href":"https:\/\/mobiledis.com\/en\/wp-json\/wp\/v2\/posts\/17261\/revisions\/17262"}],"wp:featuredmedia":[{"embeddable":true,"href":"https:\/\/mobiledis.com\/en\/wp-json\/wp\/v2\/media\/17258"}],"wp:attachment":[{"href":"https:\/\/mobiledis.com\/en\/wp-json\/wp\/v2\/media?parent=17261"}],"wp:term":[{"taxonomy":"category","embeddable":true,"href":"https:\/\/mobiledis.com\/en\/wp-json\/wp\/v2\/categories?post=17261"},{"taxonomy":"post_tag","embeddable":true,"href":"https:\/\/mobiledis.com\/en\/wp-json\/wp\/v2\/tags?post=17261"}],"curies":[{"name":"wp","href":"https:\/\/api.w.org\/{rel}","templated":true}]}}