{"id":17249,"date":"2024-10-25T11:45:41","date_gmt":"2024-10-25T09:45:41","guid":{"rendered":"https:\/\/mobiledis.com\/index.php\/2015\/10\/16\/tendencias-otono-2015\/"},"modified":"2024-10-29T14:08:28","modified_gmt":"2024-10-29T13:08:28","slug":"tendencias-otono-2015","status":"publish","type":"post","link":"https:\/\/mobiledis.com\/en\/2024\/10\/25\/tendencias-otono-2015\/","title":{"rendered":"Tendencias en Marbella: Decoraci\u00f3n e interiorismo"},"content":{"rendered":"<h2 style=\"text-align: justify;\">Tendencias decoraci\u00f3n y dise\u00f1o de interiores<\/h2>\n<p style=\"text-align: justify;\">DESPU\u00c9S DE UN LARGO VERANO, QUE EN MARBELLA SIGUE DANDO SUS \u00daLTIMOS COLETAZOS, AHORA TOCA PONERNOS AL D\u00cdA EN LAS TENDENCIAS DE DECORACI\u00d3N Y\u00a0<strong><a href=\"http:\/\/mobiledis.com\/es\/service\/diseno-interior\/\">DISE\u00d1O DE INTERIORES<\/a><\/strong>\u00a0PARA ESTE OTO\u00d1O, Y PARA ESO QU\u00c9 MEJOR QUE ACTUALIZAR NUESTRA CASA CON LOS TEJIDOS DE TEMPORADA.<\/p>\n<p style=\"text-align: justify;\">En <strong>oto\u00f1o tendemos <\/strong>a buscar tejidos c\u00e1lidos, con colores neutros que nos inspiren tranquilidad y recogimiento, pero este a\u00f1o nos ha sorprendido la cantidad de color y alegr\u00eda que las grandes firmas en textil nos ofrecen: flores, aves, selva\u2026 a nosotros como decoradores de interiores nos \u00a0encanta tener todos estas opciones para llenar tu hogar \u00a1de luz y felicidad!<\/p>\n<p style=\"text-align: justify;\">Empezamos con la<strong> firma Osborne &amp; Little, <\/strong>que nos ofrece la <strong>colecci\u00f3n Cubana de Matthew Williamson<\/strong> inspirada en la \u00e9poca florida de Cuba, \u00a1todo un est\u00edmulo para los sentidos!<\/p>\n<p style=\"text-align: justify;\">Otra firma que nos ofrece la tierra como inspiraci\u00f3n es DRT,\u00a0 sensibilidad y conexi\u00f3n con la naturaleza. \u00a1Esencial para una decoraci\u00f3n de lujo!<\/p>\n<p style=\"text-align: justify;\">La<strong> firma Casamance <\/strong>tambi\u00e9n nos muestra en sus nuevas propuestas que, este a\u00f1o, la naturaleza est\u00e1 muy ligada al<strong> interiorismo.<\/strong>\u00a0\u00a1No hay proyecto de decoraci\u00f3n que se precie que no la tenga en cuenta!<\/p>\n<p style=\"text-align: justify;\">Estos tejidos de colores neutros que nos transmiten serenidad, est\u00e1n tambi\u00e9n muy ligados a la naturaleza, sobre todo con el\u00a0<strong>terciopelo imitaci\u00f3n a piel de cocodrilo y nos los trae la firma Jab<\/strong><\/p>\n<p style=\"text-align: justify;\">Basado en la naturaleza m\u00e1s salvaje, el <strong>dise\u00f1ador de moda Roberto Cavalli <\/strong>nos aporta su particular printanimal realizado en seda\u2026 \u00a1pura belleza!<\/p>\n<p style=\"text-align: justify;\">Todo avanza y el textil no iba a ser menos, ahora con la impresi\u00f3n digital aplicada a terciopelos y sedas sint\u00e9ticas,\u00a0la firma Zinc nos ofrece estos tejidos ideales para tapizar sof\u00e1s dando un toque de glamour con sus nuevos dise\u00f1os inspirados en noches de fiesta; en esta ocasi\u00f3n, la mezcla de brillos y mates dan un contraste exquisito.<\/p>\n<p style=\"text-align: justify;\">Todo esto y mucho m\u00e1s podr\u00e1s encontrar en cualquiera de nuestras 3 tiendas, en las que estaremos encantados de recibirte y ayudarte en todo lo relacionado con la decoraci\u00f3n del hogar.<\/p>","protected":false},"excerpt":{"rendered":"<p>Tendencias decoraci\u00f3n y dise\u00f1o de interiores DESPU\u00c9S DE UN LARGO VERANO, QUE EN MARBELLA SIGUE DANDO SUS \u00daLTIMOS COLETAZOS, AHORA TOCA PONERNOS AL D\u00cdA EN LAS TENDENCIAS DE DECORACI\u00d3N Y\u00a0DISE\u00d1O DE INTERIORES\u00a0PARA ESTE OTO\u00d1O, Y PARA ESO QU\u00c9 MEJOR QUE ACTUALIZAR NUESTRA CASA CON LOS TEJIDOS DE TEMPORADA. En oto\u00f1o tendemos a buscar tejidos c\u00e1lidos, [&hellip;]<\/p>","protected":false},"author":8,"featured_media":17246,"comment_status":"open","ping_status":"open","sticky":false,"template":"","format":"standard","meta":{"inline_featured_image":false,"footnotes":""},"categories":[94,119],"tags":[91,92,90],"class_list":["post-17249","post","type-post","status-publish","format-standard","has-post-thumbnail","hentry","category-diseno-de-interiores","category-sin-categorizar-2","tag-primavera","tag-renovacion-de-casas-marbella","tag-terrazas"],"_links":{"self":[{"href":"https:\/\/mobiledis.com\/en\/wp-json\/wp\/v2\/posts\/17249","targetHints":{"allow":["GET"]}}],"collection":[{"href":"https:\/\/mobiledis.com\/en\/wp-json\/wp\/v2\/posts"}],"about":[{"href":"https:\/\/mobiledis.com\/en\/wp-json\/wp\/v2\/types\/post"}],"author":[{"embeddable":true,"href":"https:\/\/mobiledis.com\/en\/wp-json\/wp\/v2\/users\/8"}],"replies":[{"embeddable":true,"href":"https:\/\/mobiledis.com\/en\/wp-json\/wp\/v2\/comments?post=17249"}],"version-history":[{"count":1,"href":"https:\/\/mobiledis.com\/en\/wp-json\/wp\/v2\/posts\/17249\/revisions"}],"predecessor-version":[{"id":17250,"href":"https:\/\/mobiledis.com\/en\/wp-json\/wp\/v2\/posts\/17249\/revisions\/17250"}],"wp:featuredmedia":[{"embeddable":true,"href":"https:\/\/mobiledis.com\/en\/wp-json\/wp\/v2\/media\/17246"}],"wp:attachment":[{"href":"https:\/\/mobiledis.com\/en\/wp-json\/wp\/v2\/media?parent=17249"}],"wp:term":[{"taxonomy":"category","embeddable":true,"href":"https:\/\/mobiledis.com\/en\/wp-json\/wp\/v2\/categories?post=17249"},{"taxonomy":"post_tag","embeddable":true,"href":"https:\/\/mobiledis.com\/en\/wp-json\/wp\/v2\/tags?post=17249"}],"curies":[{"name":"wp","href":"https:\/\/api.w.org\/{rel}","templated":true}]}}