{"id":17233,"date":"2024-10-25T11:45:38","date_gmt":"2024-10-25T09:45:38","guid":{"rendered":"https:\/\/mobiledis.com\/index.php\/2017\/04\/10\/construimos-tus-suenos\/"},"modified":"2024-10-29T14:08:06","modified_gmt":"2024-10-29T13:08:06","slug":"construimos-tus-suenos","status":"publish","type":"post","link":"https:\/\/mobiledis.com\/en\/2024\/10\/25\/construimos-tus-suenos\/","title":{"rendered":"CONSTRUIMOS TUS SUE\u00d1OS. DECORACI\u00d3N E INTERIORISMO EN MARBELLA"},"content":{"rendered":"<h2>Obras, decoraci\u00f3n e interiorismo en Marbella<\/h2>\n<p style=\"text-align: justify;\">En<strong>\u00a0Mobile Dise\u00f1o<\/strong>\u00a0no s\u00f3lo abordamos<strong>\u00a0<\/strong>proyectos de decoraci\u00f3n e interiorismo\u00a0sino que tambi\u00e9n nos encargamos de la ejecuci\u00f3n de la obra y de llevar a cabo<a href=\"http:\/\/mobiledis.com\/es\/service\/reformas-marbella\/\"><strong>\u00a0reformas integrales en Marbella<\/strong><\/a>\u00a0o en cualquier lugar. Por ello contamos con un equipo de profesionales que asesoran a nuestros clientes del principio al fin de este proceso.<\/p>\n<p style=\"text-align: justify;\">Nuestra\u00a0<strong>larga trayectoria profesional<\/strong>\u00a0nos ha ense\u00f1ado que cada necesidad es diferente, que cada espacio requiere de un an\u00e1lisis exhaustivo y que no hay dos personas ni viviendas iguales. Hemos sabido amoldarnos perfectamente a las exigencias de nuestro sector y nuestros clientes para poder ofrecer un\u00a0<strong>servicio integral\u00a0<\/strong>que posibilitan la transformaci\u00f3n de una idea en una realidad tangible.<\/p>\n<p style=\"text-align: justify;\">Nuestro equipo de especialistas decidir\u00e1,\u00a0 junto contigo, qu\u00e9 tipo de\u00a0<strong>obra\u00a0<\/strong>necesita la\u00a0<strong>vivienda o negocio.\u00a0<\/strong>El\u00a0<strong>compromiso total con nuestro<\/strong>\u00a0<strong>trabajo<\/strong>\u00a0es una de las principales caracter\u00edsticas de\u00a0<strong>Mobile Dise\u00f1o<\/strong>, por eso no desistiremos hasta acordar una soluci\u00f3n adaptada a tus necesidades y demandas.<\/p>\n<p style=\"text-align: justify;\">Tanto si eres un particular como una empresa y necesitas\u00a0<strong>reformas o una<\/strong>\u00a0<strong>obra<\/strong>\u00a0concreta en tu vivienda o negocio<strong>,\u00a0<\/strong>nosotros te ofrecemos un\u00a0<strong>servicio integral\u00a0<\/strong>basado en la comunicaci\u00f3n plena entre las partes implicadas, el estudio del detalle y la plena garant\u00eda.<\/p>\n<p style=\"text-align: justify;\">Adem\u00e1s, como\u00a0<strong>dise\u00f1adores de interiores<\/strong>\u00a0y distribuidores de las m\u00e1s prestigiosas\u00a0<strong>firmas de decoraci\u00f3n<\/strong>, disfrutar\u00e1s de todo un servicio \u201c<em>llave en mano<\/em>\u201d para que no tengas que preocuparte por nada.<\/p>\n<p style=\"text-align: justify;\">Por eso, no dudes en contactar con nosotros si necesitas acometer una<strong> transformaci\u00f3n\u00a0integral de tu hogar en Marbella<\/strong> (o cualquier otro lugar) para tu espacio. P\u00eddenos presupuesto sin ning\u00fan tipo de compromiso.<\/p>\n<p style=\"text-align: justify;\">Tambi\u00e9n puedes visitarnos en <strong>A7-KM 189,5<\/strong> en\u00a0<strong>Elviria\u00a0<\/strong>o llamarnos al <strong>952 83 76 01<\/strong>. Estaremos encantados de atenderte y escuchar atentamente lo que necesitas para llevarlo a cabo con las\u00a0<strong>m\u00e1ximas garant\u00edas de \u00e9xito.<\/strong><\/p>","protected":false},"excerpt":{"rendered":"<p>Obras, decoraci\u00f3n e interiorismo en Marbella En\u00a0Mobile Dise\u00f1o\u00a0no s\u00f3lo abordamos\u00a0proyectos de decoraci\u00f3n e interiorismo\u00a0sino que tambi\u00e9n nos encargamos de la ejecuci\u00f3n de la obra y de llevar a cabo\u00a0reformas integrales en Marbella\u00a0o en cualquier lugar. Por ello contamos con un equipo de profesionales que asesoran a nuestros clientes del principio al fin de este proceso. [&hellip;]<\/p>","protected":false},"author":8,"featured_media":17230,"comment_status":"open","ping_status":"open","sticky":false,"template":"","format":"standard","meta":{"inline_featured_image":false,"footnotes":""},"categories":[94,119],"tags":[91,92,90],"class_list":["post-17233","post","type-post","status-publish","format-standard","has-post-thumbnail","hentry","category-diseno-de-interiores","category-sin-categorizar-2","tag-primavera","tag-renovacion-de-casas-marbella","tag-terrazas"],"_links":{"self":[{"href":"https:\/\/mobiledis.com\/en\/wp-json\/wp\/v2\/posts\/17233","targetHints":{"allow":["GET"]}}],"collection":[{"href":"https:\/\/mobiledis.com\/en\/wp-json\/wp\/v2\/posts"}],"about":[{"href":"https:\/\/mobiledis.com\/en\/wp-json\/wp\/v2\/types\/post"}],"author":[{"embeddable":true,"href":"https:\/\/mobiledis.com\/en\/wp-json\/wp\/v2\/users\/8"}],"replies":[{"embeddable":true,"href":"https:\/\/mobiledis.com\/en\/wp-json\/wp\/v2\/comments?post=17233"}],"version-history":[{"count":1,"href":"https:\/\/mobiledis.com\/en\/wp-json\/wp\/v2\/posts\/17233\/revisions"}],"predecessor-version":[{"id":17234,"href":"https:\/\/mobiledis.com\/en\/wp-json\/wp\/v2\/posts\/17233\/revisions\/17234"}],"wp:featuredmedia":[{"embeddable":true,"href":"https:\/\/mobiledis.com\/en\/wp-json\/wp\/v2\/media\/17230"}],"wp:attachment":[{"href":"https:\/\/mobiledis.com\/en\/wp-json\/wp\/v2\/media?parent=17233"}],"wp:term":[{"taxonomy":"category","embeddable":true,"href":"https:\/\/mobiledis.com\/en\/wp-json\/wp\/v2\/categories?post=17233"},{"taxonomy":"post_tag","embeddable":true,"href":"https:\/\/mobiledis.com\/en\/wp-json\/wp\/v2\/tags?post=17233"}],"curies":[{"name":"wp","href":"https:\/\/api.w.org\/{rel}","templated":true}]}}