{"id":17220,"date":"2024-10-25T11:45:36","date_gmt":"2024-10-25T09:45:36","guid":{"rendered":"https:\/\/mobiledis.com\/index.php\/2018\/04\/12\/proyecto-destacado-hotel-westin-la-quinta\/"},"modified":"2024-10-29T14:08:21","modified_gmt":"2024-10-29T13:08:21","slug":"proyecto-destacado-hotel-westin-la-quinta","status":"publish","type":"post","link":"https:\/\/mobiledis.com\/en\/2024\/10\/25\/proyecto-destacado-hotel-westin-la-quinta\/","title":{"rendered":"PROYECTO DESTACADO: HOTEL WESTIN LA QUINTA"},"content":{"rendered":"<h2 style=\"text-align: justify;\">RENOVACI\u00d3N TOTAL DE SUITE PRESIDENCIAL<\/h2>\n<p style=\"text-align: justify;\">Situado en el \u201c<strong>Valle del Golf<\/strong>\u201d, realizamos la renovaci\u00f3n total de <strong>Suite Presidencial<\/strong>. Instalaci\u00f3n de losas de gran formato en ba\u00f1os, trabajos de fontaner\u00eda y electricidad, piscina exterior, \u2026etc. todo para la realizaci\u00f3n de esta <strong>maravillosa Suite Presidencial<\/strong>.<\/p>\n<p><img fetchpriority=\"high\" decoding=\"async\" class=\"alignnone wp-image-1577 size-large\" src=\"https:\/\/mobiledis.com\/wp-content\/uploads\/2024\/10\/presidential-suite-terrace2-1024x576-1.jpg\" alt=\"\" width=\"1024\" height=\"576\" \/><\/p>\n<p><img decoding=\"async\" class=\"alignnone wp-image-1576 size-large\" src=\"https:\/\/mobiledis.com\/wp-content\/uploads\/2024\/10\/presidential-suite-terrace-1024x576-1.jpg\" alt=\"\" width=\"1024\" height=\"576\" \/><\/p>\n<p><img decoding=\"async\" class=\"alignnone wp-image-1575 size-large\" src=\"https:\/\/mobiledis.com\/wp-content\/uploads\/2024\/10\/presidential-suite-livingroom2-1024x576.jpg\" alt=\"\" width=\"1024\" height=\"576\" \/><\/p>","protected":false},"excerpt":{"rendered":"<p>RENOVACI\u00d3N TOTAL DE SUITE PRESIDENCIAL Situado en el \u201cValle del Golf\u201d, realizamos la renovaci\u00f3n total de Suite Presidencial. Instalaci\u00f3n de losas de gran formato en ba\u00f1os, trabajos de fontaner\u00eda y electricidad, piscina exterior, \u2026etc. todo para la realizaci\u00f3n de esta maravillosa Suite Presidencial.<\/p>","protected":false},"author":8,"featured_media":17218,"comment_status":"open","ping_status":"open","sticky":false,"template":"","format":"standard","meta":{"inline_featured_image":false,"footnotes":""},"categories":[94,119],"tags":[91,92,90],"class_list":["post-17220","post","type-post","status-publish","format-standard","has-post-thumbnail","hentry","category-diseno-de-interiores","category-sin-categorizar-2","tag-primavera","tag-renovacion-de-casas-marbella","tag-terrazas"],"_links":{"self":[{"href":"https:\/\/mobiledis.com\/en\/wp-json\/wp\/v2\/posts\/17220","targetHints":{"allow":["GET"]}}],"collection":[{"href":"https:\/\/mobiledis.com\/en\/wp-json\/wp\/v2\/posts"}],"about":[{"href":"https:\/\/mobiledis.com\/en\/wp-json\/wp\/v2\/types\/post"}],"author":[{"embeddable":true,"href":"https:\/\/mobiledis.com\/en\/wp-json\/wp\/v2\/users\/8"}],"replies":[{"embeddable":true,"href":"https:\/\/mobiledis.com\/en\/wp-json\/wp\/v2\/comments?post=17220"}],"version-history":[{"count":1,"href":"https:\/\/mobiledis.com\/en\/wp-json\/wp\/v2\/posts\/17220\/revisions"}],"predecessor-version":[{"id":17221,"href":"https:\/\/mobiledis.com\/en\/wp-json\/wp\/v2\/posts\/17220\/revisions\/17221"}],"wp:featuredmedia":[{"embeddable":true,"href":"https:\/\/mobiledis.com\/en\/wp-json\/wp\/v2\/media\/17218"}],"wp:attachment":[{"href":"https:\/\/mobiledis.com\/en\/wp-json\/wp\/v2\/media?parent=17220"}],"wp:term":[{"taxonomy":"category","embeddable":true,"href":"https:\/\/mobiledis.com\/en\/wp-json\/wp\/v2\/categories?post=17220"},{"taxonomy":"post_tag","embeddable":true,"href":"https:\/\/mobiledis.com\/en\/wp-json\/wp\/v2\/tags?post=17220"}],"curies":[{"name":"wp","href":"https:\/\/api.w.org\/{rel}","templated":true}]}}