{"id":17085,"date":"2024-10-25T11:45:23","date_gmt":"2024-10-25T09:45:23","guid":{"rendered":"https:\/\/mobiledis.com\/index.php\/2019\/03\/22\/muebles-jardin-esta-temporada-tendencias\/"},"modified":"2024-10-29T13:16:06","modified_gmt":"2024-10-29T12:16:06","slug":"muebles-jardin-esta-temporada-tendencias","status":"publish","type":"post","link":"https:\/\/mobiledis.com\/en\/2024\/10\/25\/muebles-jardin-esta-temporada-tendencias\/","title":{"rendered":"MUEBLES DE JARD\u00cdN QUE MARCAN TENDENCIA ESTA TEMPORADA"},"content":{"rendered":"<p style=\"text-align: justify;\">Los <strong>muebles de jard\u00edn tambi\u00e9n<\/strong> tienen su temporada alta. Los d\u00edas de fr\u00edo tienen las horas contadas, el verano poco a poco va llegando y cada vez son m\u00e1s los clientes que nos demandan mobiliario para sus terrazas.<\/p>\n<p style=\"text-align: justify;\">Hoy os traemos <strong>nuevas ideas de <a href=\"http:\/\/mobiledis.com\/es\/muebles-de-exterior\/\">muebles de exterior<\/a><\/strong> para que pod\u00e1is sacar el <strong>m\u00e1ximo provecho a vuestro jard\u00edn<\/strong>. Con el <strong>mobiliario<\/strong> adecuado podemos tanto habilitar para el uso zonas que ten\u00edamos desterradas, como aportar color al jard\u00edn, armon\u00eda y mejor imagen, para que se convierta en un lugar apetecible donde disfrutar del buen tiempo.<\/p>\n<h2>\u00daLTIMAS TENDENCIAS EN MUEBLES DE JARD\u00cdN<\/h2>\n<p style=\"text-align: justify;\">Aqu\u00ed os presentamos las<strong> \u00faltimas tendencias en muebles de jard\u00edn<\/strong> para esta temporada:<\/p>\n<p style=\"text-align: justify;\">\n<img fetchpriority=\"high\" decoding=\"async\" class=\"alignnone wp-image-3610 size-full\" src=\"https:\/\/mobiledis.com\/wp-content\/uploads\/2024\/10\/muebles-jardin-tendencias-temporada-2019-2.jpg\" alt=\"\u00bfCu\u00e1les son los muebles de jard\u00edn que se llevan esta temporada 2019? | @Mobiledis\" width=\"1024\" height=\"535\" \/><\/p>\n<h3 style=\"font-family: open sans; font-weith: 400; font-style: normal; color: #1adab1;\">1. Colores vivos<\/h3>\n<p style=\"text-align: justify;\">No hay nada que le siente mejor a nuestra visi\u00f3n que unos <strong>colores vivos<\/strong> en el<strong> jard\u00edn<\/strong>. Las tonalidades vibrantes aportan armon\u00eda y sensaci\u00f3n de bienestar. Esto lo puedes conseguir con plantas, flores, <strong>elementos decorativos<\/strong> y, por supuesto, con el mobiliario adecuado, jugando con <strong>cojines y textiles<\/strong>, <strong>velas<\/strong> y <strong>otros complementos<\/strong>.<\/p>\n<p style=\"text-align: justify;\">Eso s\u00ed, siempre dejar que sea el verde natural de la <strong>vegetaci\u00f3n de tu jard\u00edn<\/strong> el que predomine.<\/p>\n<p style=\"text-align: justify;\">A la hora de elegir colores siempre puede optarse por elegir una paleta de colores uniforme, mezclando rojos y amarillos con naranjas; o por el contrario optar por la paleta radicalmente opuesta: amarillos con violetas, naranjas con verdes o rojos con azules. Pero siempre que sean colores muy vivos.<\/p>\n<p><img decoding=\"async\" class=\"alignnone wp-image-3611 size-full\" src=\"https:\/\/mobiledis.com\/wp-content\/uploads\/2024\/10\/muebles-jardin-tendencias-temporada-2019-3.jpg\" alt=\"\u00bfCu\u00e1les son los muebles de jard\u00edn que se llevan esta temporada 2019? | @Mobiledis\" width=\"1024\" height=\"1024\" \/><\/p>\n<h3 style=\"font-family: open sans; font-weith: 400; font-style: normal; color: #1adab1;\">2. Comedor al aire libre<\/h3>\n<p style=\"text-align: justify;\">Para una reuni\u00f3n familiar o con amigos, una merienda o celebraci\u00f3n, el jard\u00edn puede ser el lugar perfecto donde colocar una mesa, unos sillones de exterior y algunas sillas donde poder disfrutar de una maravillosa velada con los tuyos. A nosotros <strong>nos encanta mezclar diferentes estilos, materiales y colores<\/strong> en el jard\u00edn para que se convierta en tu peque\u00f1o rinc\u00f3n de ensue\u00f1o.<\/p>\n<p style=\"text-align: justify;\">Para cosas como <strong>muebles de comedor<\/strong>, sin duda debe ponderarse la est\u00e9tica, pero por encima de eso debe ser un ambiente c\u00f3modo, en el que se pueda pasar el rato muy a gusto. Esto es fundamental. No sirve de nada tener un espacio que s\u00f3lo satisfaga a la vista: tiene que encandilar los cinco sentidos.<\/p>\n<p style=\"text-align: justify;\">\n<a href=\"https:\/\/mobiledis.com\/wp-content\/uploads\/2024\/10\/muebles-jardin-tendencias-temporada-2019-4.jpg\"><img decoding=\"async\" class=\"alignnone size-full wp-image-3612\" src=\"https:\/\/mobiledis.com\/wp-content\/uploads\/2024\/10\/muebles-jardin-tendencias-temporada-2019-4.jpg\" alt=\"\u00bfCu\u00e1les son los muebles de jard\u00edn que se llevan esta temporada 2019? | @Mobiledis\" width=\"1024\" height=\"433\" \/><\/a><\/p>\n<h3 style=\"font-family: open sans; font-weith: 400; font-style: normal; color: #1adab1;\">3. Comodidad<\/h3>\n<p style=\"text-align: justify;\">Justo a colaci\u00f3n de lo que dec\u00edamos en el p\u00e1rrafo anterior, lo bonito, adem\u00e1s debe de ser c\u00f3modo.<\/p>\n<p style=\"text-align: justify;\">Anteriormente hemos hablado del <strong>jard\u00edn como un espacio de actividad<\/strong>, un comedor, ahora lo que te recomendamos es que escojas un <strong>peque\u00f1o rinc\u00f3n \u201czen\u201d<\/strong> en tu terraza donde poder disfrutar de un placentero descanso.<\/p>\n<p style=\"text-align: justify;\">Esto puedes conseguirlo creando un <strong>peque\u00f1o ambiente chill out<\/strong> formado por unos sof\u00e1s de jard\u00edn de color neutro acompa\u00f1ados por unos coloridos pufs y una decoraci\u00f3n en madera con un buen acabado.<\/p>\n<p style=\"text-align: justify;\">Si quieres ir a la moda, <strong>los cojines de diferentes formas y colores <\/strong>sobre una tapicer\u00eda blanca est\u00e1 en el<strong> top de tendencias<\/strong> en decoraci\u00f3n de jardines este 2019.<\/p>\n<p><a href=\"https:\/\/mobiledis.com\/wp-content\/uploads\/2024\/10\/muebles-jardin-tendencias-temporada-2019-5.jpg\"><img loading=\"lazy\" decoding=\"async\" class=\"size-full wp-image-3613 aligncenter\" src=\"https:\/\/mobiledis.com\/wp-content\/uploads\/2024\/10\/muebles-jardin-tendencias-temporada-2019-5.jpg\" alt=\"\u00bfCu\u00e1les son los muebles de jard\u00edn que se llevan esta temporada 2019? | @Mobiledis\" width=\"536\" height=\"483\" \/><\/a><\/p>\n<h3 style=\"font-family: open sans; font-weith: 400; font-style: normal; color: #1adab1;\">4. Extra-confort<\/h3>\n<p style=\"text-align: justify;\">Si eres de los que va m\u00e1s all\u00e1 en lo que a comodidad se refiere, puedes colocar en tu jard\u00edn <strong>un elemento que est\u00e1 muy de moda, \u00a1la hamaca!<\/strong> Las encontrar\u00e9is de mil materiales, formas y colores. Todo depender\u00e1 de tu espacio y el uso que le vayas a dar.<\/p>\n<p style=\"text-align: justify;\">Y si quieres enamorar a grandes y peque\u00f1os, las hamacas colgantes o columpios har\u00e1n las delicias de todos tus familiares e invitados, y se convertir\u00e1 en tu lugar favorito donde leer un libro o tomar el t\u00e9.<\/p>\n<hr \/>\n<p style=\"text-align: justify;\">Esto son s\u00f3lo algunos de los <strong>consejos sobre muebles de jard\u00edn<\/strong> que os podemos dar en estas breves palabras. Si quer\u00e9is conocer m\u00e1s, os invitamos a visitar nuestra <a href=\"http:\/\/mobiledis.com\/es\/nuestra-tienda-marbella\/\"><strong>tienda de muebles de Marbella<\/strong><\/a>, donde nuestro <strong>equipo de profesionales<\/strong> os atender\u00e1 en cualquier consulta que necesit\u00e9is a la hora de <strong>decorar vuestro jard\u00edn o terraza<\/strong>.<\/p>","protected":false},"excerpt":{"rendered":"<p>Los muebles de jard\u00edn tambi\u00e9n tienen su temporada alta. Los d\u00edas de fr\u00edo tienen las horas contadas, el verano poco a poco va llegando y cada vez son m\u00e1s los clientes que nos demandan mobiliario para sus terrazas. Hoy os traemos nuevas ideas de muebles de exterior para que pod\u00e1is sacar el m\u00e1ximo provecho a [&hellip;]<\/p>","protected":false},"author":8,"featured_media":17086,"comment_status":"open","ping_status":"open","sticky":false,"template":"","format":"standard","meta":{"inline_featured_image":false,"footnotes":""},"categories":[86],"tags":[91,92,90],"class_list":["post-17085","post","type-post","status-publish","format-standard","has-post-thumbnail","hentry","category-decoracion-de-jardines","tag-primavera","tag-renovacion-de-casas-marbella","tag-terrazas"],"_links":{"self":[{"href":"https:\/\/mobiledis.com\/en\/wp-json\/wp\/v2\/posts\/17085","targetHints":{"allow":["GET"]}}],"collection":[{"href":"https:\/\/mobiledis.com\/en\/wp-json\/wp\/v2\/posts"}],"about":[{"href":"https:\/\/mobiledis.com\/en\/wp-json\/wp\/v2\/types\/post"}],"author":[{"embeddable":true,"href":"https:\/\/mobiledis.com\/en\/wp-json\/wp\/v2\/users\/8"}],"replies":[{"embeddable":true,"href":"https:\/\/mobiledis.com\/en\/wp-json\/wp\/v2\/comments?post=17085"}],"version-history":[{"count":1,"href":"https:\/\/mobiledis.com\/en\/wp-json\/wp\/v2\/posts\/17085\/revisions"}],"predecessor-version":[{"id":17090,"href":"https:\/\/mobiledis.com\/en\/wp-json\/wp\/v2\/posts\/17085\/revisions\/17090"}],"wp:featuredmedia":[{"embeddable":true,"href":"https:\/\/mobiledis.com\/en\/wp-json\/wp\/v2\/media\/17086"}],"wp:attachment":[{"href":"https:\/\/mobiledis.com\/en\/wp-json\/wp\/v2\/media?parent=17085"}],"wp:term":[{"taxonomy":"category","embeddable":true,"href":"https:\/\/mobiledis.com\/en\/wp-json\/wp\/v2\/categories?post=17085"},{"taxonomy":"post_tag","embeddable":true,"href":"https:\/\/mobiledis.com\/en\/wp-json\/wp\/v2\/tags?post=17085"}],"curies":[{"name":"wp","href":"https:\/\/api.w.org\/{rel}","templated":true}]}}