{"id":17022,"date":"2024-10-25T11:45:17","date_gmt":"2024-10-25T09:45:17","guid":{"rendered":"https:\/\/mobiledis.com\/index.php\/2019\/06\/24\/reformas-integrales-en-marbella\/"},"modified":"2024-10-29T14:08:22","modified_gmt":"2024-10-29T13:08:22","slug":"reformas-integrales-en-marbella","status":"publish","type":"post","link":"https:\/\/mobiledis.com\/en\/2024\/10\/25\/reformas-integrales-en-marbella\/","title":{"rendered":"REFORMAS INTEGRALES EN MARBELLA"},"content":{"rendered":"<p>Si est\u00e1s pensando en una <strong>reforma integral o parcial <\/strong>para tu<strong> vivienda<\/strong> o <strong>negocio<\/strong> en <strong>Marbella<\/strong>, en Mobile Dise\u00f1o podemos darte las soluciones que necesitas. Cuando nos enfrentamos a una reforma, hay muchas cosas a tener en cuenta. Como el espacio, la distribuci\u00f3n, la funcionalidad y el estilo. El equipo de Mobile Dise\u00f1o de Marbella es especialista en este tipo de proyectos. Su profesionalidad y la gran experiencia en este tipo de trabajos, as\u00ed como las positivas opiniones de nuestros clientes, nos avalan.<\/p>\n<p>&nbsp;<\/p>\n<h2><img fetchpriority=\"high\" decoding=\"async\" class=\"alignnone size-full wp-image-4192\" src=\"https:\/\/mobiledis.com\/wp-content\/uploads\/2024\/10\/eas214_main_01.jpg\" alt=\"\" width=\"1024\" height=\"652\" \/><\/h2>\n<h2><\/h2>\n<h2>Equipo propio en Marbella<\/h2>\n<p>Contamos con un amplio equipo de profesionales y expertos en construcci\u00f3n, arquitectura, interiorismo y decoraci\u00f3n. Ponemos a tu disposici\u00f3n un personal altamente cualificado para hacer de tu <strong>espacio en Marbella<\/strong> lo que siempre has so\u00f1ado, sin contrataciones externas ni intermediarios.<br \/>\nNuestros <strong>proyectos son siempre personalizados<\/strong>. Trabajamos mano a mano con nuestros clientes para conseguir el feeling necesario para trasladar lo que ellos tienen en su mente a la realidad. Nuestra premisa es que el cliente no tenga que preocuparse por nada, transmitir una confianza plena y dar el mejor resultado.<\/p>\n<p>&nbsp;<\/p>\n<p>&nbsp;<\/p>\n<p>&nbsp;<\/p>\n<p><img decoding=\"async\" class=\"alignnone wp-image-4193 size-full\" src=\"https:\/\/mobiledis.com\/wp-content\/uploads\/2024\/10\/eas214_bed_06.jpg\" alt=\"\" width=\"1024\" height=\"652\" \/><\/p>\n<h2><\/h2>\n<h2>Servicios de reformas en Marbella<\/h2>\n<p>En Mobile Dise\u00f1o hacemos una planificaci\u00f3n detallada de cada uno de nuestros proyectos de principio a fin. Contamos con equipo propio, nos encargamos de cada una de las \u00e1reas de tu reforma en Marbella y cumplimos con los plazos acordados. Nos encargamos de todo, desde la est\u00e9tica, hasta las instalaciones de luz, agua o gas. Adem\u00e1s, nos ocupamos de todo el mobiliario, decoraci\u00f3n y electrodom\u00e9sticos de tu vivienda. Te ofrecemos un proyecto llave en mano.<\/p>\n<p>&nbsp;<\/p>\n<p><img decoding=\"async\" class=\"size-full wp-image-4194\" src=\"https:\/\/mobiledis.com\/wp-content\/uploads\/2024\/10\/eas214_bed_05.jpg\" alt=\"\" width=\"1024\" height=\"652\" \/><\/p>\n<h2>Reformas integrales de apartamentos y chalets en Marbella<\/h2>\n<p>Nuestra experiencia abarca muchos tipos de viviendas y tambi\u00e9n de presupuestos. No importa si tu vivienda es un apartamento, un loft, una casa de 3 plantas o un adosado. Nuestra experiencia en Marbella es muy amplia y hemos realizado trabajos de todo tipo para adaptarnos a las necesidades de nuestros clientes.<\/p>\n<h2><img loading=\"lazy\" decoding=\"async\" class=\"alignnone size-full wp-image-4197\" src=\"https:\/\/mobiledis.com\/wp-content\/uploads\/2024\/10\/1-Antes_web.jpg\" alt=\"\" width=\"1024\" height=\"768\" \/><\/h2>\n<h2><\/h2>\n<h2>Reformas de locales comerciales y oficinas<\/h2>\n<p>Podemos ayudarte tambi\u00e9n a transformar tu oficina o lugar de trabajo para convertirlo en un sitio acogedor con un ambiente agradable. Nos encargamos de todos los tr\u00e1mites y ponemos todo el equipo humano y t\u00e9cnico necesario a tu disposici\u00f3n para que s\u00f3lo tengas que preocuparte de recoger las llaves el d\u00eda del fin del proyecto. Llevamos casi 30 a\u00f1os dando soluciones personalizadas a todos nuestros clientes, coordinando los distintos equipos y aument\u00e1ndolo con los mejores profesionales de cada \u00e1rea.<br \/>\nSi est\u00e1s pensando en reformar tu casa o <strong>negocio en Marbella<\/strong> y quieres una empresa profesional que se encargue de todo y sea eficaz, est\u00e1s en el sitio adecuado. Ponte en contacto con nosotros y nuestros asesores te aconsejar\u00e1n la mejor soluci\u00f3n para tu obra. Para contactar con nosotros <a href=\"http:\/\/mobiledis.com\/es\/contacto\/\">pincha aqu\u00ed.<\/a><\/p>\n<p>&nbsp;<\/p>\n<p><img loading=\"lazy\" decoding=\"async\" class=\"alignnone size-full wp-image-4196\" src=\"https:\/\/mobiledis.com\/wp-content\/uploads\/2024\/10\/eas214_bath_01.jpg\" alt=\"\" width=\"1024\" height=\"652\" \/><\/p>","protected":false},"excerpt":{"rendered":"<p>Si est\u00e1s pensando en una reforma integral o parcial para tu vivienda o negocio en Marbella, en Mobile Dise\u00f1o podemos darte las soluciones que necesitas. Cuando nos enfrentamos a una reforma, hay muchas cosas a tener en cuenta. Como el espacio, la distribuci\u00f3n, la funcionalidad y el estilo. El equipo de Mobile Dise\u00f1o de Marbella [&hellip;]<\/p>","protected":false},"author":8,"featured_media":17023,"comment_status":"open","ping_status":"open","sticky":false,"template":"","format":"standard","meta":{"inline_featured_image":false,"footnotes":""},"categories":[94,119],"tags":[91,92,90],"class_list":["post-17022","post","type-post","status-publish","format-standard","has-post-thumbnail","hentry","category-diseno-de-interiores","category-sin-categorizar-2","tag-primavera","tag-renovacion-de-casas-marbella","tag-terrazas"],"_links":{"self":[{"href":"https:\/\/mobiledis.com\/en\/wp-json\/wp\/v2\/posts\/17022","targetHints":{"allow":["GET"]}}],"collection":[{"href":"https:\/\/mobiledis.com\/en\/wp-json\/wp\/v2\/posts"}],"about":[{"href":"https:\/\/mobiledis.com\/en\/wp-json\/wp\/v2\/types\/post"}],"author":[{"embeddable":true,"href":"https:\/\/mobiledis.com\/en\/wp-json\/wp\/v2\/users\/8"}],"replies":[{"embeddable":true,"href":"https:\/\/mobiledis.com\/en\/wp-json\/wp\/v2\/comments?post=17022"}],"version-history":[{"count":1,"href":"https:\/\/mobiledis.com\/en\/wp-json\/wp\/v2\/posts\/17022\/revisions"}],"predecessor-version":[{"id":17028,"href":"https:\/\/mobiledis.com\/en\/wp-json\/wp\/v2\/posts\/17022\/revisions\/17028"}],"wp:featuredmedia":[{"embeddable":true,"href":"https:\/\/mobiledis.com\/en\/wp-json\/wp\/v2\/media\/17023"}],"wp:attachment":[{"href":"https:\/\/mobiledis.com\/en\/wp-json\/wp\/v2\/media?parent=17022"}],"wp:term":[{"taxonomy":"category","embeddable":true,"href":"https:\/\/mobiledis.com\/en\/wp-json\/wp\/v2\/categories?post=17022"},{"taxonomy":"post_tag","embeddable":true,"href":"https:\/\/mobiledis.com\/en\/wp-json\/wp\/v2\/tags?post=17022"}],"curies":[{"name":"wp","href":"https:\/\/api.w.org\/{rel}","templated":true}]}}