{"id":16946,"date":"2024-10-25T11:45:08","date_gmt":"2024-10-25T09:45:08","guid":{"rendered":"https:\/\/mobiledis.com\/index.php\/2020\/04\/13\/cambios-de-decoracion-durante-el-confinamiento-es-posible-con-mobile-diseno\/"},"modified":"2024-10-29T14:07:58","modified_gmt":"2024-10-29T13:07:58","slug":"cambios-de-decoracion-durante-el-confinamiento-es-posible-con-mobile-diseno","status":"publish","type":"post","link":"https:\/\/mobiledis.com\/en\/2024\/10\/25\/cambios-de-decoracion-durante-el-confinamiento-es-posible-con-mobile-diseno\/","title":{"rendered":"\u00bfCambios de decoraci\u00f3n durante el confinamiento? \u00a1Es posible con Mobile Dise\u00f1o!"},"content":{"rendered":"<p>Las medidas de confinamiento adoptadas contra el COVID-19 pronto generaron los hastag #YoMeQuedoEnCasa y #Qu\u00e9dateEnCasa, un proceso nuevo que estamos viviendo en el que <strong>nuestra casa se convierte en el espacio vital para todo<\/strong>. Pasamos el d\u00eda y la noche,\u00a0un espacio en el que se trabaja, se come, se descansa, se cuida de los ni\u00f1os y mayores, se hace ejercicio&#8230;en definitiva, se vive, y todo con en un mismo lugar, con un mismo interiorismo y decoraci\u00f3n. Por eso es importante que en \u00e9l reine la armon\u00eda y no basta con mantener el orden.<\/p>\n<p><!--more--><\/p>\n<h2>El espacio dom\u00e9stico, se adapta<\/h2>\n<p>El espacio dom\u00e9stico, inevitablemente se reconfigura, se adapta a las nuevas necesidades y empezamos a tomar conciencia de lo que nos gusta y lo que no, lo que es pr\u00e1ctico, lo que nos falta y lo que queremos cambiar. Cuando volvamos a la normalidad, pronto esperamos, querremos mejorar la vivienda. El interior se va a pensar desde el punto de esta experiencia, que nos va a permitir mejorar y tener otros criterios. Es por eso por lo que <strong>Mobile Dise\u00f1o quiere apoyarte y estar ah\u00ed para ti<\/strong>, solo tienes que enviarnos un email cont\u00e1ndonos qu\u00e9 quieres cambiar de tu casa y nosotros te ayudaremos a mejorarla.<\/p>\n<h2>Se hace m\u00e1s vida en la cocina<\/h2>\n<p>En la \u00e9poca de nuestros abuelos, la vida se hac\u00eda alrededor de donde se cocinaba, sin embargo, en los \u00faltimos a\u00f1os ha primado la velocidad, las prisas, el trabajo, y un largo etc\u00e9tera,\u00a0 cada vez se ha cocinado menos y las casas cada vez se han estado usando menos, hemos estado haciendo casi toda la vida en la calle y solo se iba a casa a dormir.\u00a0Una de las cosas bonitas que nos est\u00e1 viniendo con esta terrible pandemia es que todos estamos empezando o volviendo a cocinar, en <strong><a href=\"http:\/\/mobiledis.com\/es\/servicios-particulares\/\">Mobile Dise\u00f1o<\/a> estamos seguros de que<\/strong> esta experiencia nos va a transformar a todos para bien, <strong>nos vamos a acostumbrar todos a disfrutar de nuestros hogares<\/strong>, y de nuestras familias en las cosas sencillas, cocinar, jugar, leer, descansar, pasar tiempo en familia en casa, que es un regalo.<\/p>\n<p>&nbsp;<\/p>\n<p><img fetchpriority=\"high\" decoding=\"async\" class=\"alignnone size-full wp-image-4495\" src=\"https:\/\/mobiledis.com\/wp-content\/uploads\/2024\/10\/Cocina-Kejil-2-scaled.jpg\" alt=\"\" width=\"4496\" height=\"3000\" \/><\/p>\n<p>Si este es tu caso, ll\u00e1manos o env\u00edanos un email y <strong>te aconsejaremos ya que somos expertos en dise\u00f1o de cocinas de lujo<\/strong>, de estilo italianas, exclusivas, a medida y, sobre todo, que se adecuen perfectamente a las necesidades de nuestros clientes, de tus necesidades. Podr\u00e1s elegir entre los mejores muebles de cocina de alta calidad.<\/p>\n<h2>La importancia del confort<\/h2>\n<p>La idea de confort la vamos a pensar con m\u00e1s detalle pensando mucho en la calidad, haciendo hincapi\u00e9 en el <strong>buen uso de las instalaciones<\/strong> y la calidad de ellas. A m\u00e1s tiempo que pases en un espacio, m\u00e1s cuidado tienes que tener con los sistemas que lo acondicionan\u00bb.<\/p>\n<p>&nbsp;<\/p>\n<p><img decoding=\"async\" class=\"alignnone size-full wp-image-4497\" src=\"https:\/\/mobiledis.com\/wp-content\/uploads\/2024\/10\/Diseno-1.jpg\" alt=\"\" width=\"1600\" height=\"1200\" \/><\/p>\n<h2>La luz natural se vuelve primordial<\/h2>\n<p><strong>La importancia de la luz natural<\/strong> es algo que se ha convertido en primordial durante este confinamiento, tener ahora un balc\u00f3n, una terraza o una buena vista se ha revalorizado y convertido en un lujo. En Mobile Dise\u00f1o te adecuamos estos espacios, y si no tienes un espacio exterior, no te preocupes,\u00a0 nuestro equipo de profesionales <strong>expertos en decoraci\u00f3n<\/strong> adaptar\u00e1 cualquier espacio a tus necesidades, <strong>convirtiendo la luz interior<\/strong> en un elemento generamos <strong>diferentes ambientes colocando puntos de iluminaci\u00f3n estrat\u00e9gicos<\/strong>. Y con ello podemos crear diferentes escenas para cada momento del d\u00eda y cada actividad.<\/p>\n<p><img decoding=\"async\" class=\"alignnone size-full wp-image-4496\" src=\"https:\/\/mobiledis.com\/wp-content\/uploads\/2024\/10\/DSC_1174-scaled.jpg\" alt=\"\" width=\"6000\" height=\"4000\" \/><\/p>\n<h2>\u00bfA\u00fan sigues teniendo dudas sobre si cambiar la decoraci\u00f3n?<\/h2>\n<p>Env\u00edanos tus dudas por mail, por redes sociales o por tel\u00e9fono, una foto del espacio que te gustar\u00eda cambiar y nosotros haremos realidad tus sue\u00f1os y te cambiaremos todos esos espacios y cosas de tu hogar que ya no quieres ver m\u00e1s.<\/p>","protected":false},"excerpt":{"rendered":"<p>Las medidas de confinamiento adoptadas contra el COVID-19 pronto generaron los hastag #YoMeQuedoEnCasa y #Qu\u00e9dateEnCasa, un proceso nuevo que estamos viviendo en el que nuestra casa se convierte en el espacio vital para todo. Pasamos el d\u00eda y la noche,\u00a0un espacio en el que se trabaja, se come, se descansa, se cuida de los ni\u00f1os [&hellip;]<\/p>","protected":false},"author":8,"featured_media":16948,"comment_status":"open","ping_status":"open","sticky":false,"template":"","format":"standard","meta":{"inline_featured_image":false,"footnotes":""},"categories":[94,119],"tags":[91,92,90],"class_list":["post-16946","post","type-post","status-publish","format-standard","has-post-thumbnail","hentry","category-diseno-de-interiores","category-sin-categorizar-2","tag-primavera","tag-renovacion-de-casas-marbella","tag-terrazas"],"_links":{"self":[{"href":"https:\/\/mobiledis.com\/en\/wp-json\/wp\/v2\/posts\/16946","targetHints":{"allow":["GET"]}}],"collection":[{"href":"https:\/\/mobiledis.com\/en\/wp-json\/wp\/v2\/posts"}],"about":[{"href":"https:\/\/mobiledis.com\/en\/wp-json\/wp\/v2\/types\/post"}],"author":[{"embeddable":true,"href":"https:\/\/mobiledis.com\/en\/wp-json\/wp\/v2\/users\/8"}],"replies":[{"embeddable":true,"href":"https:\/\/mobiledis.com\/en\/wp-json\/wp\/v2\/comments?post=16946"}],"version-history":[{"count":1,"href":"https:\/\/mobiledis.com\/en\/wp-json\/wp\/v2\/posts\/16946\/revisions"}],"predecessor-version":[{"id":16947,"href":"https:\/\/mobiledis.com\/en\/wp-json\/wp\/v2\/posts\/16946\/revisions\/16947"}],"wp:featuredmedia":[{"embeddable":true,"href":"https:\/\/mobiledis.com\/en\/wp-json\/wp\/v2\/media\/16948"}],"wp:attachment":[{"href":"https:\/\/mobiledis.com\/en\/wp-json\/wp\/v2\/media?parent=16946"}],"wp:term":[{"taxonomy":"category","embeddable":true,"href":"https:\/\/mobiledis.com\/en\/wp-json\/wp\/v2\/categories?post=16946"},{"taxonomy":"post_tag","embeddable":true,"href":"https:\/\/mobiledis.com\/en\/wp-json\/wp\/v2\/tags?post=16946"}],"curies":[{"name":"wp","href":"https:\/\/api.w.org\/{rel}","templated":true}]}}